{"id":28441,"date":"2023-02-16T09:45:13","date_gmt":"2023-02-16T15:45:13","guid":{"rendered":"https:\/\/otech.uaeh.edu.mx\/noti\/?p=28441"},"modified":"2023-02-16T09:45:22","modified_gmt":"2023-02-16T15:45:22","slug":"ibm-presenta-vela-su-primera-supercomputadora-nativa-de-la-nube-optimizada-para-ia","status":"publish","type":"post","link":"https:\/\/otech.uaeh.edu.mx\/noti\/ia\/ibm-presenta-vela-su-primera-supercomputadora-nativa-de-la-nube-optimizada-para-ia\/","title":{"rendered":"IBM presenta Vela, su primera supercomputadora nativa de la nube optimizada para IA"},"content":{"rendered":"<p class=\"has-drop-cap\">IBM ha presentado su primera supercomputadora nativa de la nube optimizada para Inteligencia Artificial (IA), una tecnolog\u00eda con la flexibilidad necesaria para implementar \u00abf\u00e1cilmente\u00bb una infraestructura de esta envergadura similar en cualquier centro de datos IBM Cloud en todo el mundo.<!--more--><\/p>\n<p>La empresa tecnol\u00f3gica estadounidense ha evidenciado que los modelos de IA se incluyen cada vez m\u00e1s en aspectos de la vida cotidiana y, sobre todo, de la vida laboral, con modelos m\u00e1s complejos y nuevas t\u00e9cnicas que necesitan m\u00e1s poder de computaci\u00f3n para satisfacer esta demanda de IA.<\/p>\n<p>Las supercomputadoras son \u00absistemas compuestos por muchos elementos inform\u00e1ticos poderosos que trabajan juntos para resolver grandes problemas con alto rendimiento\u00bb. Como explican desde IBM, se utilizan para entrenar los modelos de IA en un amplio conjunto de datos, normalmente modelos masivos que superan en algunos casos los miles de millones de par\u00e1metros.<\/p>\n<p>Sin embargo, IBM tambi\u00e9n ha resaltado en un comunicado compartido en su blog que las supercomputadoras tradicionales no fueron dise\u00f1adas para desarrollar IA y, aunque funcionan bien para ello, el dise\u00f1o tradicional requiere opciones tecnol\u00f3gicas que \u00abaumentan los costes y limitan la flexibilidad de implementaci\u00f3n\u00bb.<\/p>\n<p>Teniendo todo esto en cuenta, IBM ha desarrollado Vela, su supercomputadora nativa de la nube y optimizada especialmente para el desarrollo de IA, con la que ha conseguido flexibilidad para implementarla en cualquiera de sus centros y abaratar costes, ya que utiliza infraestructura existente y, simplemente, asigna los recursos a trav\u00e9s de \u2018software\u2019.<\/p>\n<p>Seg\u00fan ha detallado la compa\u00f1\u00eda, este proyecto lleva activo desde mayo del pasado a\u00f1o alojado en IBM Cloud y, por el momento, su uso est\u00e1 destinado \u00fanicamente a la comunidad de IBM Research, convirti\u00e9ndose en el \u00abentorno de referencia\u00bb para los investigadores y para crear capacidades de IA m\u00e1s avanzadas.<\/p>\n<p>IBM ha explicado que al optar por el desarrollo de la supercomputadora en la nube, han sacrificado una parte de su rendimiento pero, a cambio, la productividad se ampl\u00eda considerablemente.<\/p>\n<p>Esto se debe a que la supercomputadora nativa de la nube permite que se configure todo lo necesario a trav\u00e9s de software, as\u00ed como utilizar una interfaz de programaci\u00f3n (API) \u00abs\u00f3lida y establecida\u00bb y, por tanto, un ecosistema de servicios m\u00e1s amplio.<\/p>\n<p>Igualmente, posibilita aprovechar los conjuntos de datos que residen en Cloud Object Store de IBM, por lo que no es necesario construir un servidor de almacenamiento propio.<\/p>\n<p>Siguiendo esta l\u00ednea, la compa\u00f1\u00eda tambi\u00e9n ha explicado que puede aprovechar su capacidad de red de nube privada virtual (VPC) para colaborar con socios \u00abutilizando pr\u00e1cticas de seguridad avanzada\u00bb.<\/p>\n<p>En cuanto a la reducci\u00f3n de capacidad de rendimiento que supone la nube, IBM ha subrayado que tras \u00abuna cantidad significativa de investigaci\u00f3n y descubrimiento\u00bb consiguieron que la sobrecarga de virtualizaci\u00f3n sea m\u00e1s baja, inferior al 5 por ciento, exponiendo todas las capacidades del nodo, es decir GPU, CPU, redes y almacenamiento, en la m\u00e1quina virtual (VM).<\/p>\n<p>Por otra parte, la composici\u00f3n de los nodos de la supercomputadora para IA incluye una gran memoria GPU con una capacidad de 80GB y una memoria de almacenamiento local en el nodo de 1,5TB de memoria din\u00e1mica de acceso aleatorio (DRAM) junto con cuatro unidades de memoria no vol\u00e1til r\u00e1pida (NVMe) de 3,2TB. Todo ello, en base a la intenci\u00f3n de utilizar Vela para entrenar modelos grandes de IA.<\/p>\n<p>Adem\u00e1s, cada nodo tiene dos procesadores Intel Xenon de segunda generaci\u00f3n. Vela tambi\u00e9n incorpora las soluciones NVLink y NvSwitch para conectar entre s\u00ed las ocho unidades de procesamiento gr\u00e1fico A100 de 80GB que se disponen en cada nodo.<\/p>\n<p>IBM ha indicado que compartir\u00e1n m\u00e1s informaci\u00f3n sobre las pr\u00f3ximas mejoras tanto en la productividad como en el rendimiento del usuario final que facilitar\u00e1n \u00ablos sistemas emergentes y las innovaciones de software\u00bb.<\/p>\n<p><strong>Fuente: notimerica.com<\/strong><\/p>\n","protected":false},"excerpt":{"rendered":"<p>IBM ha presentado su primera supercomputadora nativa de la nube optimizada para Inteligencia Artificial (IA), una tecnolog\u00eda con la flexibilidad necesaria para implementar \u00abf\u00e1cilmente\u00bb una infraestructura de esta envergadura similar en cualquier centro de datos IBM Cloud en todo el mundo.<\/p>\n","protected":false},"author":1,"featured_media":28442,"comment_status":"open","ping_status":"open","sticky":false,"template":"","format":"standard","meta":{"footnotes":""},"categories":[361],"tags":[],"class_list":["post-28441","post","type-post","status-publish","format-standard","has-post-thumbnail","hentry","category-ia"],"yoast_head":"<!-- This site is optimized with the Yoast SEO plugin v26.7 - https:\/\/yoast.com\/wordpress\/plugins\/seo\/ -->\n<title>IBM presenta Vela, su primera supercomputadora nativa de la nube optimizada para IA - Observatorio Tecnol\u00f3gico de Hidalgo<\/title>\n<meta name=\"robots\" content=\"index, follow, max-snippet:-1, max-image-preview:large, max-video-preview:-1\" \/>\n<link rel=\"canonical\" href=\"https:\/\/otech.uaeh.edu.mx\/noti\/ia\/ibm-presenta-vela-su-primera-supercomputadora-nativa-de-la-nube-optimizada-para-ia\/\" \/>\n<meta property=\"og:locale\" content=\"en_US\" \/>\n<meta property=\"og:type\" content=\"article\" \/>\n<meta property=\"og:title\" content=\"IBM presenta Vela, su primera supercomputadora nativa de la nube optimizada para IA - Observatorio Tecnol\u00f3gico de Hidalgo\" \/>\n<meta property=\"og:description\" content=\"IBM ha presentado su primera supercomputadora nativa de la nube optimizada para Inteligencia Artificial (IA), una tecnolog\u00eda con la flexibilidad necesaria para implementar \u00abf\u00e1cilmente\u00bb una infraestructura de esta envergadura similar en cualquier centro de datos IBM Cloud en todo el mundo.\" \/>\n<meta property=\"og:url\" content=\"https:\/\/otech.uaeh.edu.mx\/noti\/ia\/ibm-presenta-vela-su-primera-supercomputadora-nativa-de-la-nube-optimizada-para-ia\/\" \/>\n<meta property=\"og:site_name\" content=\"Observatorio Tecnol\u00f3gico de Hidalgo\" \/>\n<meta property=\"article:publisher\" content=\"https:\/\/www.facebook.com\/observatoriouaeh\" \/>\n<meta property=\"article:published_time\" content=\"2023-02-16T15:45:13+00:00\" \/>\n<meta property=\"article:modified_time\" content=\"2023-02-16T15:45:22+00:00\" \/>\n<meta property=\"og:image\" content=\"https:\/\/otech.uaeh.edu.mx\/noti\/wp-content\/uploads\/2023\/02\/16-02-23-ibm-800x445-1.jpg\" \/>\n\t<meta property=\"og:image:width\" content=\"800\" \/>\n\t<meta property=\"og:image:height\" content=\"445\" \/>\n\t<meta property=\"og:image:type\" content=\"image\/jpeg\" \/>\n<meta name=\"author\" content=\"admin\" \/>\n<meta name=\"twitter:card\" content=\"summary_large_image\" \/>\n<meta name=\"twitter:creator\" content=\"@OBSERVATORIOEH\" \/>\n<meta name=\"twitter:site\" content=\"@OBSERVATORIOEH\" \/>\n<meta name=\"twitter:label1\" content=\"Written by\" \/>\n\t<meta name=\"twitter:data1\" content=\"admin\" \/>\n\t<meta name=\"twitter:label2\" content=\"Est. reading time\" \/>\n\t<meta name=\"twitter:data2\" content=\"3 minutes\" \/>\n<script type=\"application\/ld+json\" class=\"yoast-schema-graph\">{\"@context\":\"https:\/\/schema.org\",\"@graph\":[{\"@type\":\"Article\",\"@id\":\"https:\/\/otech.uaeh.edu.mx\/noti\/ia\/ibm-presenta-vela-su-primera-supercomputadora-nativa-de-la-nube-optimizada-para-ia\/#article\",\"isPartOf\":{\"@id\":\"https:\/\/otech.uaeh.edu.mx\/noti\/ia\/ibm-presenta-vela-su-primera-supercomputadora-nativa-de-la-nube-optimizada-para-ia\/\"},\"author\":{\"name\":\"admin\",\"@id\":\"https:\/\/otech.uaeh.edu.mx\/noti\/#\/schema\/person\/95263d004158ffabcd98137e1d0abc1c\"},\"headline\":\"IBM presenta Vela, su primera supercomputadora nativa de la nube optimizada para IA\",\"datePublished\":\"2023-02-16T15:45:13+00:00\",\"dateModified\":\"2023-02-16T15:45:22+00:00\",\"mainEntityOfPage\":{\"@id\":\"https:\/\/otech.uaeh.edu.mx\/noti\/ia\/ibm-presenta-vela-su-primera-supercomputadora-nativa-de-la-nube-optimizada-para-ia\/\"},\"wordCount\":677,\"commentCount\":0,\"publisher\":{\"@id\":\"https:\/\/otech.uaeh.edu.mx\/noti\/#organization\"},\"image\":{\"@id\":\"https:\/\/otech.uaeh.edu.mx\/noti\/ia\/ibm-presenta-vela-su-primera-supercomputadora-nativa-de-la-nube-optimizada-para-ia\/#primaryimage\"},\"thumbnailUrl\":\"https:\/\/otech.uaeh.edu.mx\/noti\/wp-content\/uploads\/2023\/02\/16-02-23-ibm-800x445-1.jpg\",\"articleSection\":[\"Inteligencia Artificial\"],\"inLanguage\":\"en-US\",\"potentialAction\":[{\"@type\":\"CommentAction\",\"name\":\"Comment\",\"target\":[\"https:\/\/otech.uaeh.edu.mx\/noti\/ia\/ibm-presenta-vela-su-primera-supercomputadora-nativa-de-la-nube-optimizada-para-ia\/#respond\"]}]},{\"@type\":\"WebPage\",\"@id\":\"https:\/\/otech.uaeh.edu.mx\/noti\/ia\/ibm-presenta-vela-su-primera-supercomputadora-nativa-de-la-nube-optimizada-para-ia\/\",\"url\":\"https:\/\/otech.uaeh.edu.mx\/noti\/ia\/ibm-presenta-vela-su-primera-supercomputadora-nativa-de-la-nube-optimizada-para-ia\/\",\"name\":\"IBM presenta Vela, su primera supercomputadora nativa de la nube optimizada para IA - Observatorio Tecnol\u00f3gico de Hidalgo\",\"isPartOf\":{\"@id\":\"https:\/\/otech.uaeh.edu.mx\/noti\/#website\"},\"primaryImageOfPage\":{\"@id\":\"https:\/\/otech.uaeh.edu.mx\/noti\/ia\/ibm-presenta-vela-su-primera-supercomputadora-nativa-de-la-nube-optimizada-para-ia\/#primaryimage\"},\"image\":{\"@id\":\"https:\/\/otech.uaeh.edu.mx\/noti\/ia\/ibm-presenta-vela-su-primera-supercomputadora-nativa-de-la-nube-optimizada-para-ia\/#primaryimage\"},\"thumbnailUrl\":\"https:\/\/otech.uaeh.edu.mx\/noti\/wp-content\/uploads\/2023\/02\/16-02-23-ibm-800x445-1.jpg\",\"datePublished\":\"2023-02-16T15:45:13+00:00\",\"dateModified\":\"2023-02-16T15:45:22+00:00\",\"breadcrumb\":{\"@id\":\"https:\/\/otech.uaeh.edu.mx\/noti\/ia\/ibm-presenta-vela-su-primera-supercomputadora-nativa-de-la-nube-optimizada-para-ia\/#breadcrumb\"},\"inLanguage\":\"en-US\",\"potentialAction\":[{\"@type\":\"ReadAction\",\"target\":[\"https:\/\/otech.uaeh.edu.mx\/noti\/ia\/ibm-presenta-vela-su-primera-supercomputadora-nativa-de-la-nube-optimizada-para-ia\/\"]}]},{\"@type\":\"ImageObject\",\"inLanguage\":\"en-US\",\"@id\":\"https:\/\/otech.uaeh.edu.mx\/noti\/ia\/ibm-presenta-vela-su-primera-supercomputadora-nativa-de-la-nube-optimizada-para-ia\/#primaryimage\",\"url\":\"https:\/\/otech.uaeh.edu.mx\/noti\/wp-content\/uploads\/2023\/02\/16-02-23-ibm-800x445-1.jpg\",\"contentUrl\":\"https:\/\/otech.uaeh.edu.mx\/noti\/wp-content\/uploads\/2023\/02\/16-02-23-ibm-800x445-1.jpg\",\"width\":800,\"height\":445},{\"@type\":\"BreadcrumbList\",\"@id\":\"https:\/\/otech.uaeh.edu.mx\/noti\/ia\/ibm-presenta-vela-su-primera-supercomputadora-nativa-de-la-nube-optimizada-para-ia\/#breadcrumb\",\"itemListElement\":[{\"@type\":\"ListItem\",\"position\":1,\"name\":\"Inicio\",\"item\":\"https:\/\/otech.uaeh.edu.mx\/noti\/\"},{\"@type\":\"ListItem\",\"position\":2,\"name\":\"IBM presenta Vela, su primera supercomputadora nativa de la nube optimizada para IA\"}]},{\"@type\":\"WebSite\",\"@id\":\"https:\/\/otech.uaeh.edu.mx\/noti\/#website\",\"url\":\"https:\/\/otech.uaeh.edu.mx\/noti\/\",\"name\":\"Observatorio Tecnol\u00f3gico de Hidalgo\",\"description\":\"\",\"publisher\":{\"@id\":\"https:\/\/otech.uaeh.edu.mx\/noti\/#organization\"},\"potentialAction\":[{\"@type\":\"SearchAction\",\"target\":{\"@type\":\"EntryPoint\",\"urlTemplate\":\"https:\/\/otech.uaeh.edu.mx\/noti\/?s={search_term_string}\"},\"query-input\":{\"@type\":\"PropertyValueSpecification\",\"valueRequired\":true,\"valueName\":\"search_term_string\"}}],\"inLanguage\":\"en-US\"},{\"@type\":\"Organization\",\"@id\":\"https:\/\/otech.uaeh.edu.mx\/noti\/#organization\",\"name\":\"Observatorio Tecnol\u00f3gico de Hidalgo\",\"url\":\"https:\/\/otech.uaeh.edu.mx\/noti\/\",\"logo\":{\"@type\":\"ImageObject\",\"inLanguage\":\"en-US\",\"@id\":\"https:\/\/otech.uaeh.edu.mx\/noti\/#\/schema\/logo\/image\/\",\"url\":\"https:\/\/otech.uaeh.edu.mx\/noti\/wp-content\/uploads\/2025\/11\/Logo-circulo.png\",\"contentUrl\":\"https:\/\/otech.uaeh.edu.mx\/noti\/wp-content\/uploads\/2025\/11\/Logo-circulo.png\",\"width\":250,\"height\":250,\"caption\":\"Observatorio Tecnol\u00f3gico de Hidalgo\"},\"image\":{\"@id\":\"https:\/\/otech.uaeh.edu.mx\/noti\/#\/schema\/logo\/image\/\"},\"sameAs\":[\"https:\/\/www.facebook.com\/observatoriouaeh\",\"https:\/\/x.com\/OBSERVATORIOEH\"]},{\"@type\":\"Person\",\"@id\":\"https:\/\/otech.uaeh.edu.mx\/noti\/#\/schema\/person\/95263d004158ffabcd98137e1d0abc1c\",\"name\":\"admin\",\"image\":{\"@type\":\"ImageObject\",\"inLanguage\":\"en-US\",\"@id\":\"https:\/\/otech.uaeh.edu.mx\/noti\/#\/schema\/person\/image\/\",\"url\":\"https:\/\/secure.gravatar.com\/avatar\/08dd17208ee6a9e87c5a01c0a5f4c96c8ed24bf05e625630929b5b6a7c1ffa5f?s=96&d=mm&r=g\",\"contentUrl\":\"https:\/\/secure.gravatar.com\/avatar\/08dd17208ee6a9e87c5a01c0a5f4c96c8ed24bf05e625630929b5b6a7c1ffa5f?s=96&d=mm&r=g\",\"caption\":\"admin\"},\"url\":\"https:\/\/otech.uaeh.edu.mx\/noti\/author\/admin\/\"}]}<\/script>\n<!-- \/ Yoast SEO plugin. -->","yoast_head_json":{"title":"IBM presenta Vela, su primera supercomputadora nativa de la nube optimizada para IA - Observatorio Tecnol\u00f3gico de Hidalgo","robots":{"index":"index","follow":"follow","max-snippet":"max-snippet:-1","max-image-preview":"max-image-preview:large","max-video-preview":"max-video-preview:-1"},"canonical":"https:\/\/otech.uaeh.edu.mx\/noti\/ia\/ibm-presenta-vela-su-primera-supercomputadora-nativa-de-la-nube-optimizada-para-ia\/","og_locale":"en_US","og_type":"article","og_title":"IBM presenta Vela, su primera supercomputadora nativa de la nube optimizada para IA - Observatorio Tecnol\u00f3gico de Hidalgo","og_description":"IBM ha presentado su primera supercomputadora nativa de la nube optimizada para Inteligencia Artificial (IA), una tecnolog\u00eda con la flexibilidad necesaria para implementar \u00abf\u00e1cilmente\u00bb una infraestructura de esta envergadura similar en cualquier centro de datos IBM Cloud en todo el mundo.","og_url":"https:\/\/otech.uaeh.edu.mx\/noti\/ia\/ibm-presenta-vela-su-primera-supercomputadora-nativa-de-la-nube-optimizada-para-ia\/","og_site_name":"Observatorio Tecnol\u00f3gico de Hidalgo","article_publisher":"https:\/\/www.facebook.com\/observatoriouaeh","article_published_time":"2023-02-16T15:45:13+00:00","article_modified_time":"2023-02-16T15:45:22+00:00","og_image":[{"width":800,"height":445,"url":"https:\/\/otech.uaeh.edu.mx\/noti\/wp-content\/uploads\/2023\/02\/16-02-23-ibm-800x445-1.jpg","type":"image\/jpeg"}],"author":"admin","twitter_card":"summary_large_image","twitter_creator":"@OBSERVATORIOEH","twitter_site":"@OBSERVATORIOEH","twitter_misc":{"Written by":"admin","Est. reading time":"3 minutes"},"schema":{"@context":"https:\/\/schema.org","@graph":[{"@type":"Article","@id":"https:\/\/otech.uaeh.edu.mx\/noti\/ia\/ibm-presenta-vela-su-primera-supercomputadora-nativa-de-la-nube-optimizada-para-ia\/#article","isPartOf":{"@id":"https:\/\/otech.uaeh.edu.mx\/noti\/ia\/ibm-presenta-vela-su-primera-supercomputadora-nativa-de-la-nube-optimizada-para-ia\/"},"author":{"name":"admin","@id":"https:\/\/otech.uaeh.edu.mx\/noti\/#\/schema\/person\/95263d004158ffabcd98137e1d0abc1c"},"headline":"IBM presenta Vela, su primera supercomputadora nativa de la nube optimizada para IA","datePublished":"2023-02-16T15:45:13+00:00","dateModified":"2023-02-16T15:45:22+00:00","mainEntityOfPage":{"@id":"https:\/\/otech.uaeh.edu.mx\/noti\/ia\/ibm-presenta-vela-su-primera-supercomputadora-nativa-de-la-nube-optimizada-para-ia\/"},"wordCount":677,"commentCount":0,"publisher":{"@id":"https:\/\/otech.uaeh.edu.mx\/noti\/#organization"},"image":{"@id":"https:\/\/otech.uaeh.edu.mx\/noti\/ia\/ibm-presenta-vela-su-primera-supercomputadora-nativa-de-la-nube-optimizada-para-ia\/#primaryimage"},"thumbnailUrl":"https:\/\/otech.uaeh.edu.mx\/noti\/wp-content\/uploads\/2023\/02\/16-02-23-ibm-800x445-1.jpg","articleSection":["Inteligencia Artificial"],"inLanguage":"en-US","potentialAction":[{"@type":"CommentAction","name":"Comment","target":["https:\/\/otech.uaeh.edu.mx\/noti\/ia\/ibm-presenta-vela-su-primera-supercomputadora-nativa-de-la-nube-optimizada-para-ia\/#respond"]}]},{"@type":"WebPage","@id":"https:\/\/otech.uaeh.edu.mx\/noti\/ia\/ibm-presenta-vela-su-primera-supercomputadora-nativa-de-la-nube-optimizada-para-ia\/","url":"https:\/\/otech.uaeh.edu.mx\/noti\/ia\/ibm-presenta-vela-su-primera-supercomputadora-nativa-de-la-nube-optimizada-para-ia\/","name":"IBM presenta Vela, su primera supercomputadora nativa de la nube optimizada para IA - Observatorio Tecnol\u00f3gico de Hidalgo","isPartOf":{"@id":"https:\/\/otech.uaeh.edu.mx\/noti\/#website"},"primaryImageOfPage":{"@id":"https:\/\/otech.uaeh.edu.mx\/noti\/ia\/ibm-presenta-vela-su-primera-supercomputadora-nativa-de-la-nube-optimizada-para-ia\/#primaryimage"},"image":{"@id":"https:\/\/otech.uaeh.edu.mx\/noti\/ia\/ibm-presenta-vela-su-primera-supercomputadora-nativa-de-la-nube-optimizada-para-ia\/#primaryimage"},"thumbnailUrl":"https:\/\/otech.uaeh.edu.mx\/noti\/wp-content\/uploads\/2023\/02\/16-02-23-ibm-800x445-1.jpg","datePublished":"2023-02-16T15:45:13+00:00","dateModified":"2023-02-16T15:45:22+00:00","breadcrumb":{"@id":"https:\/\/otech.uaeh.edu.mx\/noti\/ia\/ibm-presenta-vela-su-primera-supercomputadora-nativa-de-la-nube-optimizada-para-ia\/#breadcrumb"},"inLanguage":"en-US","potentialAction":[{"@type":"ReadAction","target":["https:\/\/otech.uaeh.edu.mx\/noti\/ia\/ibm-presenta-vela-su-primera-supercomputadora-nativa-de-la-nube-optimizada-para-ia\/"]}]},{"@type":"ImageObject","inLanguage":"en-US","@id":"https:\/\/otech.uaeh.edu.mx\/noti\/ia\/ibm-presenta-vela-su-primera-supercomputadora-nativa-de-la-nube-optimizada-para-ia\/#primaryimage","url":"https:\/\/otech.uaeh.edu.mx\/noti\/wp-content\/uploads\/2023\/02\/16-02-23-ibm-800x445-1.jpg","contentUrl":"https:\/\/otech.uaeh.edu.mx\/noti\/wp-content\/uploads\/2023\/02\/16-02-23-ibm-800x445-1.jpg","width":800,"height":445},{"@type":"BreadcrumbList","@id":"https:\/\/otech.uaeh.edu.mx\/noti\/ia\/ibm-presenta-vela-su-primera-supercomputadora-nativa-de-la-nube-optimizada-para-ia\/#breadcrumb","itemListElement":[{"@type":"ListItem","position":1,"name":"Inicio","item":"https:\/\/otech.uaeh.edu.mx\/noti\/"},{"@type":"ListItem","position":2,"name":"IBM presenta Vela, su primera supercomputadora nativa de la nube optimizada para IA"}]},{"@type":"WebSite","@id":"https:\/\/otech.uaeh.edu.mx\/noti\/#website","url":"https:\/\/otech.uaeh.edu.mx\/noti\/","name":"Observatorio Tecnol\u00f3gico de Hidalgo","description":"","publisher":{"@id":"https:\/\/otech.uaeh.edu.mx\/noti\/#organization"},"potentialAction":[{"@type":"SearchAction","target":{"@type":"EntryPoint","urlTemplate":"https:\/\/otech.uaeh.edu.mx\/noti\/?s={search_term_string}"},"query-input":{"@type":"PropertyValueSpecification","valueRequired":true,"valueName":"search_term_string"}}],"inLanguage":"en-US"},{"@type":"Organization","@id":"https:\/\/otech.uaeh.edu.mx\/noti\/#organization","name":"Observatorio Tecnol\u00f3gico de Hidalgo","url":"https:\/\/otech.uaeh.edu.mx\/noti\/","logo":{"@type":"ImageObject","inLanguage":"en-US","@id":"https:\/\/otech.uaeh.edu.mx\/noti\/#\/schema\/logo\/image\/","url":"https:\/\/otech.uaeh.edu.mx\/noti\/wp-content\/uploads\/2025\/11\/Logo-circulo.png","contentUrl":"https:\/\/otech.uaeh.edu.mx\/noti\/wp-content\/uploads\/2025\/11\/Logo-circulo.png","width":250,"height":250,"caption":"Observatorio Tecnol\u00f3gico de Hidalgo"},"image":{"@id":"https:\/\/otech.uaeh.edu.mx\/noti\/#\/schema\/logo\/image\/"},"sameAs":["https:\/\/www.facebook.com\/observatoriouaeh","https:\/\/x.com\/OBSERVATORIOEH"]},{"@type":"Person","@id":"https:\/\/otech.uaeh.edu.mx\/noti\/#\/schema\/person\/95263d004158ffabcd98137e1d0abc1c","name":"admin","image":{"@type":"ImageObject","inLanguage":"en-US","@id":"https:\/\/otech.uaeh.edu.mx\/noti\/#\/schema\/person\/image\/","url":"https:\/\/secure.gravatar.com\/avatar\/08dd17208ee6a9e87c5a01c0a5f4c96c8ed24bf05e625630929b5b6a7c1ffa5f?s=96&d=mm&r=g","contentUrl":"https:\/\/secure.gravatar.com\/avatar\/08dd17208ee6a9e87c5a01c0a5f4c96c8ed24bf05e625630929b5b6a7c1ffa5f?s=96&d=mm&r=g","caption":"admin"},"url":"https:\/\/otech.uaeh.edu.mx\/noti\/author\/admin\/"}]}},"_links":{"self":[{"href":"https:\/\/otech.uaeh.edu.mx\/noti\/wp-json\/wp\/v2\/posts\/28441","targetHints":{"allow":["GET"]}}],"collection":[{"href":"https:\/\/otech.uaeh.edu.mx\/noti\/wp-json\/wp\/v2\/posts"}],"about":[{"href":"https:\/\/otech.uaeh.edu.mx\/noti\/wp-json\/wp\/v2\/types\/post"}],"author":[{"embeddable":true,"href":"https:\/\/otech.uaeh.edu.mx\/noti\/wp-json\/wp\/v2\/users\/1"}],"replies":[{"embeddable":true,"href":"https:\/\/otech.uaeh.edu.mx\/noti\/wp-json\/wp\/v2\/comments?post=28441"}],"version-history":[{"count":1,"href":"https:\/\/otech.uaeh.edu.mx\/noti\/wp-json\/wp\/v2\/posts\/28441\/revisions"}],"predecessor-version":[{"id":28443,"href":"https:\/\/otech.uaeh.edu.mx\/noti\/wp-json\/wp\/v2\/posts\/28441\/revisions\/28443"}],"wp:featuredmedia":[{"embeddable":true,"href":"https:\/\/otech.uaeh.edu.mx\/noti\/wp-json\/wp\/v2\/media\/28442"}],"wp:attachment":[{"href":"https:\/\/otech.uaeh.edu.mx\/noti\/wp-json\/wp\/v2\/media?parent=28441"}],"wp:term":[{"taxonomy":"category","embeddable":true,"href":"https:\/\/otech.uaeh.edu.mx\/noti\/wp-json\/wp\/v2\/categories?post=28441"},{"taxonomy":"post_tag","embeddable":true,"href":"https:\/\/otech.uaeh.edu.mx\/noti\/wp-json\/wp\/v2\/tags?post=28441"}],"curies":[{"name":"wp","href":"https:\/\/api.w.org\/{rel}","templated":true}]}}