{"id":28447,"date":"2023-02-20T09:37:54","date_gmt":"2023-02-20T15:37:54","guid":{"rendered":"https:\/\/otech.uaeh.edu.mx\/noti\/?p=28447"},"modified":"2023-02-20T09:37:54","modified_gmt":"2023-02-20T15:37:54","slug":"estamos-cerca-de-ver-acelerarse-el-aumento-del-nivel-del-mar","status":"publish","type":"post","link":"https:\/\/otech.uaeh.edu.mx\/noti\/sociedad\/estamos-cerca-de-ver-acelerarse-el-aumento-del-nivel-del-mar\/","title":{"rendered":"\u00bfEstamos cerca de ver acelerarse el aumento del nivel del mar?"},"content":{"rendered":"<p style=\"text-align: justify;\">El deshielo de las capas de hielo es, potencialmente, el factor que m\u00e1s contribuye al aumento del nivel del mar, e hist\u00f3ricamente el m\u00e1s dif\u00edcil de predecir porque la f\u00edsica que rige su comportamiento es notoriamente compleja. Adem\u00e1s, los modelos inform\u00e1ticos que simulan la din\u00e1mica de las capas de hielo de Groenlandia y la Ant\u00e1rtida no suelen tener en cuenta el hecho de que el deshielo de las capas de hielo afectar\u00e1 a los procesos oce\u00e1nicos, lo cual, a su vez, puede retroalimentar el deshielo de dichas capas.<!--more--><\/p>\n<p style=\"text-align: justify;\">El equipo de Jun Young Park, del Instituto de Ciencia B\u00e1sica (IBS) y de la Universidad Nacional de Bus\u00e1n, ambas instituciones en Corea del Sur, ha llevado a cabo un nuevo estudio sobre la cuesti\u00f3n, pero esta vez empleando un nuevo modelo inform\u00e1tico que capta por primera vez el acoplamiento de las capas de hielo con los procesos oce\u00e1nicos, as\u00ed como con la atm\u00f3sfera y con los icebergs.<\/p>\n<p style=\"text-align: justify;\">Los resultados del estudio indican que una aceleraci\u00f3n espectacular del deshielo de las capas de hielo y del aumento del nivel del mar solo puede evitarse si el mundo alcanza el objetivo de cero emisiones netas de carbono antes de 2060.<\/p>\n<p style=\"text-align: justify;\">&#8220;Si no alcanzamos este objetivo de emisiones, las capas de hielo se fragmentar\u00e1n y se derretir\u00e1n a un ritmo acelerado, seg\u00fan nuestros c\u00e1lculos. Si no tomamos ninguna medida, las capas de hielo seguir\u00e1n menguando y su agua continuar\u00e1 aumentando el nivel del mar, en al menos 1 metro en los pr\u00f3ximos 130 a\u00f1os. Esto se sumar\u00eda a otras contribuciones, como la expansi\u00f3n t\u00e9rmica del agua oce\u00e1nica&#8221; advierte Axel Timmermann, coautor del estudio y director del Centro de F\u00edsica Clim\u00e1tica del IBS.<\/p>\n<p style=\"text-align: justify;\"><span class=\"RichTextAlignCenter citewrapper\"><img decoding=\"async\" class=\"RichTextAlignCenter\" src=\"https:\/\/noticiasdelaciencia.com\/upload\/images\/02_2023\/5691_estamos-cerca-de-ver-acelerarse.jpg\" alt=\"[Img #67949]\" \/><\/span><\/p>\n<p style=\"text-align: justify;\">Vista a\u00e9rea de un glaciar derriti\u00e9ndose en Groenlandia. (Foto: NASA JPL \/ Caltech)<\/p>\n<p style=\"text-align: justify;\">El estudio se titula \u201cFuture sea-level projections with a coupled atmosphere-ocean-ice-sheet model\u201d. Y se ha publicado en la revista acad\u00e9mica Nature Communications. (Fuente:\u00a0<a href=\"https:\/\/noticiasdelaciencia.com\/\">NCYT de Amazings<\/a>)<\/p>\n<p>Fuente:<\/p>\n<p>R. (2023b, febrero 20). <i>\u00bfEstamos cerca de ver acelerarse el aumento del nivel del mar?<\/i> Noticias de la Ciencia y la Tecnolog\u00eda (Amazings\u00ae \/ NCYT\u00ae). https:\/\/noticiasdelaciencia.com\/art\/46095\/estamos-cerca-de-ver-acelerarse-el-aumento-del-nivel-del-mar<\/p>\n","protected":false},"excerpt":{"rendered":"<p>El deshielo de las capas de hielo es, potencialmente, el factor que m\u00e1s contribuye al aumento del nivel del mar, e hist\u00f3ricamente el m\u00e1s dif\u00edcil de predecir porque la f\u00edsica que rige su comportamiento es notoriamente compleja. Adem\u00e1s, los modelos inform\u00e1ticos que simulan la din\u00e1mica de las capas de hielo de Groenlandia y la Ant\u00e1rtida [&hellip;]<\/p>\n","protected":false},"author":1,"featured_media":28448,"comment_status":"open","ping_status":"open","sticky":false,"template":"","format":"standard","meta":{"footnotes":""},"categories":[378],"tags":[],"class_list":["post-28447","post","type-post","status-publish","format-standard","has-post-thumbnail","hentry","category-sociedad"],"yoast_head":"<!-- This site is optimized with the Yoast SEO plugin v26.7 - https:\/\/yoast.com\/wordpress\/plugins\/seo\/ -->\n<title>\u00bfEstamos cerca de ver acelerarse el aumento del nivel del mar? - Observatorio Tecnol\u00f3gico de Hidalgo<\/title>\n<meta name=\"robots\" content=\"index, follow, max-snippet:-1, max-image-preview:large, max-video-preview:-1\" \/>\n<link rel=\"canonical\" href=\"https:\/\/otech.uaeh.edu.mx\/noti\/sociedad\/estamos-cerca-de-ver-acelerarse-el-aumento-del-nivel-del-mar\/\" \/>\n<meta property=\"og:locale\" content=\"en_US\" \/>\n<meta property=\"og:type\" content=\"article\" \/>\n<meta property=\"og:title\" content=\"\u00bfEstamos cerca de ver acelerarse el aumento del nivel del mar? - Observatorio Tecnol\u00f3gico de Hidalgo\" \/>\n<meta property=\"og:description\" content=\"El deshielo de las capas de hielo es, potencialmente, el factor que m\u00e1s contribuye al aumento del nivel del mar, e hist\u00f3ricamente el m\u00e1s dif\u00edcil de predecir porque la f\u00edsica que rige su comportamiento es notoriamente compleja. Adem\u00e1s, los modelos inform\u00e1ticos que simulan la din\u00e1mica de las capas de hielo de Groenlandia y la Ant\u00e1rtida [&hellip;]\" \/>\n<meta property=\"og:url\" content=\"https:\/\/otech.uaeh.edu.mx\/noti\/sociedad\/estamos-cerca-de-ver-acelerarse-el-aumento-del-nivel-del-mar\/\" \/>\n<meta property=\"og:site_name\" content=\"Observatorio Tecnol\u00f3gico de Hidalgo\" \/>\n<meta property=\"article:publisher\" content=\"https:\/\/www.facebook.com\/observatoriouaeh\" \/>\n<meta property=\"article:published_time\" content=\"2023-02-20T15:37:54+00:00\" \/>\n<meta property=\"og:image\" content=\"https:\/\/otech.uaeh.edu.mx\/noti\/wp-content\/uploads\/2023\/02\/5691_estamos-cerca-de-ver-acelerarse.jpg\" \/>\n\t<meta property=\"og:image:width\" content=\"670\" \/>\n\t<meta property=\"og:image:height\" content=\"503\" \/>\n\t<meta property=\"og:image:type\" content=\"image\/jpeg\" \/>\n<meta name=\"author\" content=\"admin\" \/>\n<meta name=\"twitter:card\" content=\"summary_large_image\" \/>\n<meta name=\"twitter:creator\" content=\"@OBSERVATORIOEH\" \/>\n<meta name=\"twitter:site\" content=\"@OBSERVATORIOEH\" \/>\n<meta name=\"twitter:label1\" content=\"Written by\" \/>\n\t<meta name=\"twitter:data1\" content=\"admin\" \/>\n\t<meta name=\"twitter:label2\" content=\"Est. reading time\" \/>\n\t<meta name=\"twitter:data2\" content=\"2 minutes\" \/>\n<script type=\"application\/ld+json\" class=\"yoast-schema-graph\">{\"@context\":\"https:\/\/schema.org\",\"@graph\":[{\"@type\":\"Article\",\"@id\":\"https:\/\/otech.uaeh.edu.mx\/noti\/sociedad\/estamos-cerca-de-ver-acelerarse-el-aumento-del-nivel-del-mar\/#article\",\"isPartOf\":{\"@id\":\"https:\/\/otech.uaeh.edu.mx\/noti\/sociedad\/estamos-cerca-de-ver-acelerarse-el-aumento-del-nivel-del-mar\/\"},\"author\":{\"name\":\"admin\",\"@id\":\"https:\/\/otech.uaeh.edu.mx\/noti\/#\/schema\/person\/95263d004158ffabcd98137e1d0abc1c\"},\"headline\":\"\u00bfEstamos cerca de ver acelerarse el aumento del nivel del mar?\",\"datePublished\":\"2023-02-20T15:37:54+00:00\",\"mainEntityOfPage\":{\"@id\":\"https:\/\/otech.uaeh.edu.mx\/noti\/sociedad\/estamos-cerca-de-ver-acelerarse-el-aumento-del-nivel-del-mar\/\"},\"wordCount\":387,\"commentCount\":0,\"publisher\":{\"@id\":\"https:\/\/otech.uaeh.edu.mx\/noti\/#organization\"},\"image\":{\"@id\":\"https:\/\/otech.uaeh.edu.mx\/noti\/sociedad\/estamos-cerca-de-ver-acelerarse-el-aumento-del-nivel-del-mar\/#primaryimage\"},\"thumbnailUrl\":\"https:\/\/otech.uaeh.edu.mx\/noti\/wp-content\/uploads\/2023\/02\/5691_estamos-cerca-de-ver-acelerarse.jpg\",\"articleSection\":[\"Sociedad\"],\"inLanguage\":\"en-US\",\"potentialAction\":[{\"@type\":\"CommentAction\",\"name\":\"Comment\",\"target\":[\"https:\/\/otech.uaeh.edu.mx\/noti\/sociedad\/estamos-cerca-de-ver-acelerarse-el-aumento-del-nivel-del-mar\/#respond\"]}]},{\"@type\":\"WebPage\",\"@id\":\"https:\/\/otech.uaeh.edu.mx\/noti\/sociedad\/estamos-cerca-de-ver-acelerarse-el-aumento-del-nivel-del-mar\/\",\"url\":\"https:\/\/otech.uaeh.edu.mx\/noti\/sociedad\/estamos-cerca-de-ver-acelerarse-el-aumento-del-nivel-del-mar\/\",\"name\":\"\u00bfEstamos cerca de ver acelerarse el aumento del nivel del mar? - Observatorio Tecnol\u00f3gico de Hidalgo\",\"isPartOf\":{\"@id\":\"https:\/\/otech.uaeh.edu.mx\/noti\/#website\"},\"primaryImageOfPage\":{\"@id\":\"https:\/\/otech.uaeh.edu.mx\/noti\/sociedad\/estamos-cerca-de-ver-acelerarse-el-aumento-del-nivel-del-mar\/#primaryimage\"},\"image\":{\"@id\":\"https:\/\/otech.uaeh.edu.mx\/noti\/sociedad\/estamos-cerca-de-ver-acelerarse-el-aumento-del-nivel-del-mar\/#primaryimage\"},\"thumbnailUrl\":\"https:\/\/otech.uaeh.edu.mx\/noti\/wp-content\/uploads\/2023\/02\/5691_estamos-cerca-de-ver-acelerarse.jpg\",\"datePublished\":\"2023-02-20T15:37:54+00:00\",\"breadcrumb\":{\"@id\":\"https:\/\/otech.uaeh.edu.mx\/noti\/sociedad\/estamos-cerca-de-ver-acelerarse-el-aumento-del-nivel-del-mar\/#breadcrumb\"},\"inLanguage\":\"en-US\",\"potentialAction\":[{\"@type\":\"ReadAction\",\"target\":[\"https:\/\/otech.uaeh.edu.mx\/noti\/sociedad\/estamos-cerca-de-ver-acelerarse-el-aumento-del-nivel-del-mar\/\"]}]},{\"@type\":\"ImageObject\",\"inLanguage\":\"en-US\",\"@id\":\"https:\/\/otech.uaeh.edu.mx\/noti\/sociedad\/estamos-cerca-de-ver-acelerarse-el-aumento-del-nivel-del-mar\/#primaryimage\",\"url\":\"https:\/\/otech.uaeh.edu.mx\/noti\/wp-content\/uploads\/2023\/02\/5691_estamos-cerca-de-ver-acelerarse.jpg\",\"contentUrl\":\"https:\/\/otech.uaeh.edu.mx\/noti\/wp-content\/uploads\/2023\/02\/5691_estamos-cerca-de-ver-acelerarse.jpg\",\"width\":670,\"height\":503},{\"@type\":\"BreadcrumbList\",\"@id\":\"https:\/\/otech.uaeh.edu.mx\/noti\/sociedad\/estamos-cerca-de-ver-acelerarse-el-aumento-del-nivel-del-mar\/#breadcrumb\",\"itemListElement\":[{\"@type\":\"ListItem\",\"position\":1,\"name\":\"Inicio\",\"item\":\"https:\/\/otech.uaeh.edu.mx\/noti\/\"},{\"@type\":\"ListItem\",\"position\":2,\"name\":\"\u00bfEstamos cerca de ver acelerarse el aumento del nivel del mar?\"}]},{\"@type\":\"WebSite\",\"@id\":\"https:\/\/otech.uaeh.edu.mx\/noti\/#website\",\"url\":\"https:\/\/otech.uaeh.edu.mx\/noti\/\",\"name\":\"Observatorio Tecnol\u00f3gico de Hidalgo\",\"description\":\"\",\"publisher\":{\"@id\":\"https:\/\/otech.uaeh.edu.mx\/noti\/#organization\"},\"potentialAction\":[{\"@type\":\"SearchAction\",\"target\":{\"@type\":\"EntryPoint\",\"urlTemplate\":\"https:\/\/otech.uaeh.edu.mx\/noti\/?s={search_term_string}\"},\"query-input\":{\"@type\":\"PropertyValueSpecification\",\"valueRequired\":true,\"valueName\":\"search_term_string\"}}],\"inLanguage\":\"en-US\"},{\"@type\":\"Organization\",\"@id\":\"https:\/\/otech.uaeh.edu.mx\/noti\/#organization\",\"name\":\"Observatorio Tecnol\u00f3gico de Hidalgo\",\"url\":\"https:\/\/otech.uaeh.edu.mx\/noti\/\",\"logo\":{\"@type\":\"ImageObject\",\"inLanguage\":\"en-US\",\"@id\":\"https:\/\/otech.uaeh.edu.mx\/noti\/#\/schema\/logo\/image\/\",\"url\":\"https:\/\/otech.uaeh.edu.mx\/noti\/wp-content\/uploads\/2025\/11\/Logo-circulo.png\",\"contentUrl\":\"https:\/\/otech.uaeh.edu.mx\/noti\/wp-content\/uploads\/2025\/11\/Logo-circulo.png\",\"width\":250,\"height\":250,\"caption\":\"Observatorio Tecnol\u00f3gico de Hidalgo\"},\"image\":{\"@id\":\"https:\/\/otech.uaeh.edu.mx\/noti\/#\/schema\/logo\/image\/\"},\"sameAs\":[\"https:\/\/www.facebook.com\/observatoriouaeh\",\"https:\/\/x.com\/OBSERVATORIOEH\"]},{\"@type\":\"Person\",\"@id\":\"https:\/\/otech.uaeh.edu.mx\/noti\/#\/schema\/person\/95263d004158ffabcd98137e1d0abc1c\",\"name\":\"admin\",\"image\":{\"@type\":\"ImageObject\",\"inLanguage\":\"en-US\",\"@id\":\"https:\/\/otech.uaeh.edu.mx\/noti\/#\/schema\/person\/image\/\",\"url\":\"https:\/\/secure.gravatar.com\/avatar\/08dd17208ee6a9e87c5a01c0a5f4c96c8ed24bf05e625630929b5b6a7c1ffa5f?s=96&d=mm&r=g\",\"contentUrl\":\"https:\/\/secure.gravatar.com\/avatar\/08dd17208ee6a9e87c5a01c0a5f4c96c8ed24bf05e625630929b5b6a7c1ffa5f?s=96&d=mm&r=g\",\"caption\":\"admin\"},\"url\":\"https:\/\/otech.uaeh.edu.mx\/noti\/author\/admin\/\"}]}<\/script>\n<!-- \/ Yoast SEO plugin. -->","yoast_head_json":{"title":"\u00bfEstamos cerca de ver acelerarse el aumento del nivel del mar? - Observatorio Tecnol\u00f3gico de Hidalgo","robots":{"index":"index","follow":"follow","max-snippet":"max-snippet:-1","max-image-preview":"max-image-preview:large","max-video-preview":"max-video-preview:-1"},"canonical":"https:\/\/otech.uaeh.edu.mx\/noti\/sociedad\/estamos-cerca-de-ver-acelerarse-el-aumento-del-nivel-del-mar\/","og_locale":"en_US","og_type":"article","og_title":"\u00bfEstamos cerca de ver acelerarse el aumento del nivel del mar? - Observatorio Tecnol\u00f3gico de Hidalgo","og_description":"El deshielo de las capas de hielo es, potencialmente, el factor que m\u00e1s contribuye al aumento del nivel del mar, e hist\u00f3ricamente el m\u00e1s dif\u00edcil de predecir porque la f\u00edsica que rige su comportamiento es notoriamente compleja. Adem\u00e1s, los modelos inform\u00e1ticos que simulan la din\u00e1mica de las capas de hielo de Groenlandia y la Ant\u00e1rtida [&hellip;]","og_url":"https:\/\/otech.uaeh.edu.mx\/noti\/sociedad\/estamos-cerca-de-ver-acelerarse-el-aumento-del-nivel-del-mar\/","og_site_name":"Observatorio Tecnol\u00f3gico de Hidalgo","article_publisher":"https:\/\/www.facebook.com\/observatoriouaeh","article_published_time":"2023-02-20T15:37:54+00:00","og_image":[{"width":670,"height":503,"url":"https:\/\/otech.uaeh.edu.mx\/noti\/wp-content\/uploads\/2023\/02\/5691_estamos-cerca-de-ver-acelerarse.jpg","type":"image\/jpeg"}],"author":"admin","twitter_card":"summary_large_image","twitter_creator":"@OBSERVATORIOEH","twitter_site":"@OBSERVATORIOEH","twitter_misc":{"Written by":"admin","Est. reading time":"2 minutes"},"schema":{"@context":"https:\/\/schema.org","@graph":[{"@type":"Article","@id":"https:\/\/otech.uaeh.edu.mx\/noti\/sociedad\/estamos-cerca-de-ver-acelerarse-el-aumento-del-nivel-del-mar\/#article","isPartOf":{"@id":"https:\/\/otech.uaeh.edu.mx\/noti\/sociedad\/estamos-cerca-de-ver-acelerarse-el-aumento-del-nivel-del-mar\/"},"author":{"name":"admin","@id":"https:\/\/otech.uaeh.edu.mx\/noti\/#\/schema\/person\/95263d004158ffabcd98137e1d0abc1c"},"headline":"\u00bfEstamos cerca de ver acelerarse el aumento del nivel del mar?","datePublished":"2023-02-20T15:37:54+00:00","mainEntityOfPage":{"@id":"https:\/\/otech.uaeh.edu.mx\/noti\/sociedad\/estamos-cerca-de-ver-acelerarse-el-aumento-del-nivel-del-mar\/"},"wordCount":387,"commentCount":0,"publisher":{"@id":"https:\/\/otech.uaeh.edu.mx\/noti\/#organization"},"image":{"@id":"https:\/\/otech.uaeh.edu.mx\/noti\/sociedad\/estamos-cerca-de-ver-acelerarse-el-aumento-del-nivel-del-mar\/#primaryimage"},"thumbnailUrl":"https:\/\/otech.uaeh.edu.mx\/noti\/wp-content\/uploads\/2023\/02\/5691_estamos-cerca-de-ver-acelerarse.jpg","articleSection":["Sociedad"],"inLanguage":"en-US","potentialAction":[{"@type":"CommentAction","name":"Comment","target":["https:\/\/otech.uaeh.edu.mx\/noti\/sociedad\/estamos-cerca-de-ver-acelerarse-el-aumento-del-nivel-del-mar\/#respond"]}]},{"@type":"WebPage","@id":"https:\/\/otech.uaeh.edu.mx\/noti\/sociedad\/estamos-cerca-de-ver-acelerarse-el-aumento-del-nivel-del-mar\/","url":"https:\/\/otech.uaeh.edu.mx\/noti\/sociedad\/estamos-cerca-de-ver-acelerarse-el-aumento-del-nivel-del-mar\/","name":"\u00bfEstamos cerca de ver acelerarse el aumento del nivel del mar? - Observatorio Tecnol\u00f3gico de Hidalgo","isPartOf":{"@id":"https:\/\/otech.uaeh.edu.mx\/noti\/#website"},"primaryImageOfPage":{"@id":"https:\/\/otech.uaeh.edu.mx\/noti\/sociedad\/estamos-cerca-de-ver-acelerarse-el-aumento-del-nivel-del-mar\/#primaryimage"},"image":{"@id":"https:\/\/otech.uaeh.edu.mx\/noti\/sociedad\/estamos-cerca-de-ver-acelerarse-el-aumento-del-nivel-del-mar\/#primaryimage"},"thumbnailUrl":"https:\/\/otech.uaeh.edu.mx\/noti\/wp-content\/uploads\/2023\/02\/5691_estamos-cerca-de-ver-acelerarse.jpg","datePublished":"2023-02-20T15:37:54+00:00","breadcrumb":{"@id":"https:\/\/otech.uaeh.edu.mx\/noti\/sociedad\/estamos-cerca-de-ver-acelerarse-el-aumento-del-nivel-del-mar\/#breadcrumb"},"inLanguage":"en-US","potentialAction":[{"@type":"ReadAction","target":["https:\/\/otech.uaeh.edu.mx\/noti\/sociedad\/estamos-cerca-de-ver-acelerarse-el-aumento-del-nivel-del-mar\/"]}]},{"@type":"ImageObject","inLanguage":"en-US","@id":"https:\/\/otech.uaeh.edu.mx\/noti\/sociedad\/estamos-cerca-de-ver-acelerarse-el-aumento-del-nivel-del-mar\/#primaryimage","url":"https:\/\/otech.uaeh.edu.mx\/noti\/wp-content\/uploads\/2023\/02\/5691_estamos-cerca-de-ver-acelerarse.jpg","contentUrl":"https:\/\/otech.uaeh.edu.mx\/noti\/wp-content\/uploads\/2023\/02\/5691_estamos-cerca-de-ver-acelerarse.jpg","width":670,"height":503},{"@type":"BreadcrumbList","@id":"https:\/\/otech.uaeh.edu.mx\/noti\/sociedad\/estamos-cerca-de-ver-acelerarse-el-aumento-del-nivel-del-mar\/#breadcrumb","itemListElement":[{"@type":"ListItem","position":1,"name":"Inicio","item":"https:\/\/otech.uaeh.edu.mx\/noti\/"},{"@type":"ListItem","position":2,"name":"\u00bfEstamos cerca de ver acelerarse el aumento del nivel del mar?"}]},{"@type":"WebSite","@id":"https:\/\/otech.uaeh.edu.mx\/noti\/#website","url":"https:\/\/otech.uaeh.edu.mx\/noti\/","name":"Observatorio Tecnol\u00f3gico de Hidalgo","description":"","publisher":{"@id":"https:\/\/otech.uaeh.edu.mx\/noti\/#organization"},"potentialAction":[{"@type":"SearchAction","target":{"@type":"EntryPoint","urlTemplate":"https:\/\/otech.uaeh.edu.mx\/noti\/?s={search_term_string}"},"query-input":{"@type":"PropertyValueSpecification","valueRequired":true,"valueName":"search_term_string"}}],"inLanguage":"en-US"},{"@type":"Organization","@id":"https:\/\/otech.uaeh.edu.mx\/noti\/#organization","name":"Observatorio Tecnol\u00f3gico de Hidalgo","url":"https:\/\/otech.uaeh.edu.mx\/noti\/","logo":{"@type":"ImageObject","inLanguage":"en-US","@id":"https:\/\/otech.uaeh.edu.mx\/noti\/#\/schema\/logo\/image\/","url":"https:\/\/otech.uaeh.edu.mx\/noti\/wp-content\/uploads\/2025\/11\/Logo-circulo.png","contentUrl":"https:\/\/otech.uaeh.edu.mx\/noti\/wp-content\/uploads\/2025\/11\/Logo-circulo.png","width":250,"height":250,"caption":"Observatorio Tecnol\u00f3gico de Hidalgo"},"image":{"@id":"https:\/\/otech.uaeh.edu.mx\/noti\/#\/schema\/logo\/image\/"},"sameAs":["https:\/\/www.facebook.com\/observatoriouaeh","https:\/\/x.com\/OBSERVATORIOEH"]},{"@type":"Person","@id":"https:\/\/otech.uaeh.edu.mx\/noti\/#\/schema\/person\/95263d004158ffabcd98137e1d0abc1c","name":"admin","image":{"@type":"ImageObject","inLanguage":"en-US","@id":"https:\/\/otech.uaeh.edu.mx\/noti\/#\/schema\/person\/image\/","url":"https:\/\/secure.gravatar.com\/avatar\/08dd17208ee6a9e87c5a01c0a5f4c96c8ed24bf05e625630929b5b6a7c1ffa5f?s=96&d=mm&r=g","contentUrl":"https:\/\/secure.gravatar.com\/avatar\/08dd17208ee6a9e87c5a01c0a5f4c96c8ed24bf05e625630929b5b6a7c1ffa5f?s=96&d=mm&r=g","caption":"admin"},"url":"https:\/\/otech.uaeh.edu.mx\/noti\/author\/admin\/"}]}},"_links":{"self":[{"href":"https:\/\/otech.uaeh.edu.mx\/noti\/wp-json\/wp\/v2\/posts\/28447","targetHints":{"allow":["GET"]}}],"collection":[{"href":"https:\/\/otech.uaeh.edu.mx\/noti\/wp-json\/wp\/v2\/posts"}],"about":[{"href":"https:\/\/otech.uaeh.edu.mx\/noti\/wp-json\/wp\/v2\/types\/post"}],"author":[{"embeddable":true,"href":"https:\/\/otech.uaeh.edu.mx\/noti\/wp-json\/wp\/v2\/users\/1"}],"replies":[{"embeddable":true,"href":"https:\/\/otech.uaeh.edu.mx\/noti\/wp-json\/wp\/v2\/comments?post=28447"}],"version-history":[{"count":1,"href":"https:\/\/otech.uaeh.edu.mx\/noti\/wp-json\/wp\/v2\/posts\/28447\/revisions"}],"predecessor-version":[{"id":28449,"href":"https:\/\/otech.uaeh.edu.mx\/noti\/wp-json\/wp\/v2\/posts\/28447\/revisions\/28449"}],"wp:featuredmedia":[{"embeddable":true,"href":"https:\/\/otech.uaeh.edu.mx\/noti\/wp-json\/wp\/v2\/media\/28448"}],"wp:attachment":[{"href":"https:\/\/otech.uaeh.edu.mx\/noti\/wp-json\/wp\/v2\/media?parent=28447"}],"wp:term":[{"taxonomy":"category","embeddable":true,"href":"https:\/\/otech.uaeh.edu.mx\/noti\/wp-json\/wp\/v2\/categories?post=28447"},{"taxonomy":"post_tag","embeddable":true,"href":"https:\/\/otech.uaeh.edu.mx\/noti\/wp-json\/wp\/v2\/tags?post=28447"}],"curies":[{"name":"wp","href":"https:\/\/api.w.org\/{rel}","templated":true}]}}